{"id":6483,"date":"2025-05-21T16:40:49","date_gmt":"2025-05-21T14:40:49","guid":{"rendered":"https:\/\/hotel-dorsay.com\/2025\/05\/21\/el-canal-du-midi-patrimonio-mundial-de-la-unesco\/"},"modified":"2025-05-22T10:52:47","modified_gmt":"2025-05-22T08:52:47","slug":"el-canal-du-midi-patrimonio-mundial-de-la-unesco","status":"publish","type":"post","link":"https:\/\/hotel-dorsay.com\/es\/2025\/05\/21\/el-canal-du-midi-patrimonio-mundial-de-la-unesco\/","title":{"rendered":"El Canal du Midi, Patrimonio Mundial de la UNESCO"},"content":{"rendered":"<p>L\u2019h\u00f4tel d\u2019Orsay est situ\u00e9 face au Canal du Midi, vous appr\u00e9cierez depuis votre chambre la vue sur le Canal et les platanes qui l\u2019entourent, ce qui en fera un point de d\u00e9part ou d\u2019\u00e9tape pour le d\u00e9couvrir \u00e0 pied, \u00e0 v\u00e9lo ou en bateau de plaisance.<\/p>\n<p>[av_hr class=&#8217;default&#8217; height=&#8217;50&#8217; shadow=&#8217;no-shadow&#8217; position=&#8217;center&#8217; custom_border=&#8217;av-border-thin&#8217; custom_width=&#8217;50px&#8217; custom_border_color=\u00bb custom_margin_top=&#8217;30px&#8217; custom_margin_bottom=&#8217;30px&#8217; icon_select=&#8217;yes&#8217; custom_icon_color=\u00bb icon=&#8217;ue808&#8242; font=&#8217;entypo-fontello&#8217; admin_preview_bg=\u00bb]<\/p>\n<h3><strong>Un peu d\u2019histoire<\/strong><\/h3>\n<p>Le Canal fut r\u00e9alis\u00e9 entre 1667 et 1694 \u00e0 l\u2019initiative de l\u2019ing\u00e9nieur <strong>Pierre-Paul Riquet<\/strong>. Le concepteur en fit non seulement une prouesse technique, mais aussi une \u0153uvre d&#8217;art, dans un souci d\u2019un esth\u00e9tisme architectural. Le <strong>Canal du Midi<\/strong>, ou autrement appel\u00e9 <strong>Canal des deux Mers<\/strong> constitue l&#8217;une des r\u00e9alisations de g\u00e9nie civil les plus extraordinaires de l&#8217;\u00e8re moderne, qui ouvrit la voie \u00e0 la r\u00e9volution industrielle. Avec 360 km de voies navigables, le canal assure la liaison entre la M\u00e9diterran\u00e9e et l&#8217;Atlantique et comporte pr\u00e8s de 328 ouvrages remarquables ; tunnels, \u00e9cluses, aqueducs ou autres ponts.<\/p>\n<p><img decoding=\"async\" class=\" wp-image-2517 alignright\" src=\"https:\/\/hotel-dorsay.com\/wp-content\/uploads\/2020\/04\/unesco.png\" alt=\"\" width=\"150\" height=\"114\" \/><\/p>\n<p>Le 7 d\u00e9cembre 1996, le comit\u00e9 <strong>UNESCO<\/strong> a soutenu l\u2019inscription du Canal du Midi au patrimoine mondial de l\u2019humanit\u00e9 au titre des biens culturels et paysages culturels, classant le Canal du Midi au rang des plus grands sites du monde !<\/p>\n<p>&nbsp;<\/p>\n<h3><strong>Le Canal des 2 Mers \u00e0 v\u00e9lo<\/strong><\/h3>\n<p><img decoding=\"async\" class=\"wp-image-2514 alignleft\" src=\"https:\/\/hotel-dorsay.com\/wp-content\/uploads\/2020\/04\/accueil-velo.jpg\" alt=\"\" width=\"118\" height=\"157\" \/>L\u2019h\u00f4tel d\u2019Orsay a obtenu en 2019 le label Accueil V\u00e9lo, valorisant ainsi l\u2019accueil et \u00e9quipements sp\u00e9cifiques pour accueillir les touristes \u00e0 v\u00e9lo ; vous pourrez ainsi b\u00e9n\u00e9ficier d\u2019un <strong>parking s\u00e9curis\u00e9<\/strong>, du <strong>mat\u00e9riel pour entretenir<\/strong> vos v\u00e9los ou encore des <strong>conseils personnalis\u00e9s pour d\u00e9couvrir Toulouse<\/strong> !<\/p>\n<p>En 2020, l\u2019\u00e9quipe de l\u2019h\u00f4tel d\u00e9veloppe une carte pour d\u00e9couvrir les bonnes adresses et vivre de belles exp\u00e9riences dans la ville Rose.<\/p>\n<p>&nbsp;<\/p>\n<h3><strong>Un itin\u00e9raire de l\u2019art de vivre \u00e0 la fran\u00e7aise !<\/strong><\/h3>\n<p>Seul itin\u00e9raire touristique \u00e0 v\u00e9lo permettant de relier deux c\u00f4tes, le Canal des 2 Mers se pr\u00eate particuli\u00e8rement \u00e0 la pratique du v\u00e9lo, accessible \u00e0 tous.<\/p>\n<p>Que vous soyez \u00e0 la recherche d\u2019exp\u00e9riences, en qu\u00eate de nouveau d\u00e9fis, sportifs ou non, adepte du slow tourisme, f\u00e9ru et passionn\u00e9 d\u2019histoire, \u00e0 la recherche de d\u00e9couverte du patrimoine culturel et gastronomique ou un peu tout cela \u00e0 la fois. Les chemins, anciennement de hallage qui longent le canal se pr\u00eatent ais\u00e9ment \u00e0 la pratique du v\u00e9lo, seul, en famille, entre amis, en couple ; vivez cette aventure !<\/p>\n<p>L\u2019itin\u00e9raire de 700 km, qui relie \u00e0 Royan l\u2019Oc\u00e9an Atlantique \u00e0 Royan jusqu\u2019\u00e0 la Mer M\u00e9diterra\u00adn\u00e9enne \u00e0 S\u00e8te, se d\u00e9coupe en 3 grandes parties : L\u2019estuaire de la Gironde, le canal de Garonne et l\u2019historique canal du Midi con\u00e7u par M. Riquet.<\/p>\n<p>Traversant les r\u00e9gions Aquitaine et Occitanie, vous appr\u00e9cierez les richesses, culturelles, patrimoniales et gastronomiques dont regorgent le Sud-Ouest qui \u00e9merveilleront les randonneurs \u00e0 v\u00e9lo comme \u00e0 pied.<\/p>\n<p>Vous traverserez les d\u00e9partements de la Charente-Maritime, Gironde, Lot-et-Garonne, Tarn-et-Garonne, Haute-Garonne, Aude et H\u00e9rault et chacun aura \u00e0 c\u0153ur de vous faire d\u00e9couvrir son territoire et ses richesses.<\/p>\n<p><img fetchpriority=\"high\" decoding=\"async\" class=\" wp-image-2511 aligncenter\" src=\"https:\/\/hotel-dorsay.com\/wp-content\/uploads\/2020\/04\/carte-canal.png\" alt=\"\" width=\"913\" height=\"301\" srcset=\"https:\/\/hotel-dorsay.com\/wp-content\/uploads\/2020\/04\/carte-canal.png 1060w, https:\/\/hotel-dorsay.com\/wp-content\/uploads\/2020\/04\/carte-canal-300x99.png 300w, https:\/\/hotel-dorsay.com\/wp-content\/uploads\/2020\/04\/carte-canal-768x253.png 768w, https:\/\/hotel-dorsay.com\/wp-content\/uploads\/2020\/04\/carte-canal-1030x339.png 1030w, https:\/\/hotel-dorsay.com\/wp-content\/uploads\/2020\/04\/carte-canal-705x232.png 705w, https:\/\/hotel-dorsay.com\/wp-content\/uploads\/2020\/04\/carte-canal-450x148.png 450w\" sizes=\"(max-width: 913px) 100vw, 913px\" \/><\/p>\n<p>&nbsp;<\/p>\n<h3 class=\"Pa0\" style=\"text-align: justify;\"><strong><span class=\"A8\" style=\"font-size: 14pt;\">SlowLife, SlowTourism, circuit court<\/span><\/strong><\/h3>\n<p>Prenez le temps de d\u00e9couvrir et observer au rythme de l\u2019eau, la nature qui vous entoure. Chaque d\u00e9tour invite \u00e0 tomber sous le charme de coquettes maisons \u00e9clusi\u00e8res, des vignobles propices \u00e0 la rencontre des vignerons, de discr\u00e8tes bastides et hameaux, traverser des ponts-canaux, contempler de majestueux clochers-murs et approcher lavoirs circu\u00adlaires, allez \u00e0 la rencontre des petits producteurs sur les march\u00e9s des villages qui fleurissent tout au long du parcours\u2026<\/p>\n<p>Des plaisirs simples, des plaisirs vrais !<\/p>\n<h3 class=\"Pa0\" style=\"text-align: justify;\"><strong><span class=\"A8\" style=\"font-size: 14pt;\">Organisez votre Parcours<\/span><\/strong><\/h3>\n<p><strong>En VELO<\/strong> Il faut compter environ 7 jours pour r\u00e9aliser \u00e0 v\u00e9lo la totalit\u00e9 du parcours, vous pourrez en fonction du temps et de votre motivation r\u00e9aliser la totalit\u00e9 ou une partie du parcours.<\/p>\n<p>Nous vous conseillons l\u2019outil d\u00e9velopp\u00e9 par <a href=\"https:\/\/www.francevelotourisme.com\/itineraire\">France A V\u00e9lo<\/a> pour b\u00e2tir votre itin\u00e9raire sur mesure, en fonction de vos crit\u00e8res<\/p>\n<p>Plusieurs acteurs et partenaires pourront vous accompagner dans l\u2019organisation de votre parcours, voici quelques partenaires, tel que <a href=\"https:\/\/www.maisonduvelotoulouse.com\/\">La Maison du V\u00e9lo<\/a> situ\u00e9 \u00e0 c\u00f4t\u00e9 de l\u2019h\u00f4tel d\u2019Orsay . Vous pourrez louer votre v\u00e9lo ou assurer le transfert de vos bagages avec <a href=\"https:\/\/www.avelo31.fr\/\">Av\u00e9lo31<\/a> ou encore <a href=\"https:\/\/paulette.bike\/fr\/\">Paulette<\/a>.<\/p>\n<p><strong>En BATEAU<\/strong> Si vous avez le pied plut\u00f4t marin, vous pouvez naviguez et parcourir le Canal du Midi lors d\u2019une croisi\u00e8re fluviale avec <a href=\"https:\/\/www.locaboat.com\/croisieres\/france\/canal-du-midi\/\">LOCABOAT<\/a>. Vous visiterez des sites d\u2019exceptions comme Carcassonne et sa c\u00e9l\u00e8bre cit\u00e9 m\u00e9di\u00e9vale, Toulouse et ses basiliques qui font la renomm\u00e9e de la ville rose ou encore le vignoble du Minervois adoss\u00e9 aux contreforts de la Montagne Noire\u2026<\/p>\n<p>Vivez le passage des nombreuses \u00e9cluses, fa\u00eetes de nombreuses rencontres, une croisi\u00e8re sur le Canal du Midi est marqu\u00e9e par l\u2019ambiance et l\u2019art de vivre m\u00e9diterran\u00e9en, au d\u00e9tour de villages anim\u00e9s, apr\u00e8s avoir d\u00e9gust\u00e9 quelques d\u00e9lices locaux de la mer sur les quais. Une croisi\u00e8re fluviale mondialement connue et pourtant, d\u00e9licatement, dans une simplicit\u00e9 d\u00e9concertante, les cypr\u00e8s et les pins d\u00e9filent sous le chant des cigales en toute libert\u00e9.<\/p>\n<h3><strong>SOURCES &amp; liens<\/strong><\/h3>\n<p><a href=\"https:\/\/whc.unesco.org\/fr\/list\/770\/\" target=\"_blank\" rel=\"noopener\">https:\/\/whc.unesco.org\/fr\/list\/770\/<\/a><\/p>\n<p><a href=\"https:\/\/www.canaldes2mersavelo.com\/hebergements-et-services-accueil-velo\" target=\"_blank\" rel=\"noopener\">https:\/\/www.canaldes2mersavelo.com\/hebergements-et-services-accueil-velo<\/a><\/p>\n<p><a href=\"https:\/\/www.replantonslecanaldumidi.fr\/fr\" target=\"_blank\" rel=\"noopener\">https:\/\/www.replantonslecanaldumidi.fr\/fr<\/a><\/p>\n<p><a href=\"http:\/\/www.sudouest.vnf.fr\/\" target=\"_blank\" rel=\"noopener\">http:\/\/www.sudouest.vnf.fr\/<\/a><\/p>\n<p><a href=\"https:\/\/www.vnf.fr\/vnf\/regions\/vnf-sud-ouest\/\" target=\"_blank\" rel=\"noopener\">https:\/\/www.vnf.fr\/vnf\/regions\/vnf-sud-ouest\/<\/a><\/p>\n<p>Vid\u00e9o UK : <a href=\"https:\/\/youtu.be\/qZXAxO9lX8s\" target=\"_blank\" rel=\"noopener\">https:\/\/youtu.be\/qZXAxO9lX8s<\/a><\/p>\n<p>&nbsp;<\/p>\n<p>&nbsp;<\/p>\n<p>&nbsp;<\/p>\n<p>&nbsp;<\/p>\n<p>&nbsp;<\/p>\n","protected":false},"excerpt":{"rendered":"<p>L\u2019h\u00f4tel d\u2019Orsay est situ\u00e9 face au Canal du Midi, vous appr\u00e9cierez depuis votre chambre la vue sur le Canal et [&hellip;]<\/p>\n","protected":false},"author":2,"featured_media":2527,"comment_status":"closed","ping_status":"closed","sticky":false,"template":"","format":"standard","meta":{"site-sidebar-layout":"default","site-content-layout":"","ast-site-content-layout":"default","site-content-style":"default","site-sidebar-style":"default","ast-global-header-display":"","ast-banner-title-visibility":"","ast-main-header-display":"","ast-hfb-above-header-display":"","ast-hfb-below-header-display":"","ast-hfb-mobile-header-display":"","site-post-title":"","ast-breadcrumbs-content":"","ast-featured-img":"","footer-sml-layout":"","ast-disable-related-posts":"","theme-transparent-header-meta":"default","adv-header-id-meta":"","stick-header-meta":"default","header-above-stick-meta":"","header-main-stick-meta":"","header-below-stick-meta":"","astra-migrate-meta-layouts":"default","ast-page-background-enabled":"default","ast-page-background-meta":{"desktop":{"background-color":"var(--ast-global-color-5)","background-image":"","background-repeat":"repeat","background-position":"center center","background-size":"auto","background-attachment":"scroll","background-type":"","background-media":"","overlay-type":"","overlay-color":"","overlay-opacity":"","overlay-gradient":""},"tablet":{"background-color":"","background-image":"","background-repeat":"repeat","background-position":"center center","background-size":"auto","background-attachment":"scroll","background-type":"","background-media":"","overlay-type":"","overlay-color":"","overlay-opacity":"","overlay-gradient":""},"mobile":{"background-color":"","background-image":"","background-repeat":"repeat","background-position":"center center","background-size":"auto","background-attachment":"scroll","background-type":"","background-media":"","overlay-type":"","overlay-color":"","overlay-opacity":"","overlay-gradient":""}},"ast-content-background-meta":{"desktop":{"background-color":"var(--ast-global-color-4)","background-image":"","background-repeat":"repeat","background-position":"center center","background-size":"auto","background-attachment":"scroll","background-type":"","background-media":"","overlay-type":"","overlay-color":"","overlay-opacity":"","overlay-gradient":""},"tablet":{"background-color":"var(--ast-global-color-4)","background-image":"","background-repeat":"repeat","background-position":"center center","background-size":"auto","background-attachment":"scroll","background-type":"","background-media":"","overlay-type":"","overlay-color":"","overlay-opacity":"","overlay-gradient":""},"mobile":{"background-color":"var(--ast-global-color-4)","background-image":"","background-repeat":"repeat","background-position":"center center","background-size":"auto","background-attachment":"scroll","background-type":"","background-media":"","overlay-type":"","overlay-color":"","overlay-opacity":"","overlay-gradient":""}},"footnotes":""},"categories":[96],"tags":[],"class_list":["post-6483","post","type-post","status-publish","format-standard","has-post-thumbnail","hentry","category-explora-toulouse"],"yoast_head":"<!-- This site is optimized with the Yoast SEO plugin v27.2 - https:\/\/yoast.com\/product\/yoast-seo-wordpress\/ -->\n<title>El Canal du Midi, Patrimonio Mundial de la UNESCO - H\u00f4tel d&#039;Orsay<\/title>\n<meta name=\"robots\" content=\"index, follow, max-snippet:-1, max-image-preview:large, max-video-preview:-1\" \/>\n<link rel=\"canonical\" href=\"https:\/\/hotel-dorsay.com\/2020\/04\/09\/le-canal-du-midi-classe-au-patrimoine-mondial-de-lunesco\/\" \/>\n<meta property=\"og:locale\" content=\"es_ES\" \/>\n<meta property=\"og:type\" content=\"article\" \/>\n<meta property=\"og:title\" content=\"El Canal du Midi, Patrimonio Mundial de la UNESCO - H\u00f4tel d&#039;Orsay\" \/>\n<meta property=\"og:description\" content=\"L\u2019h\u00f4tel d\u2019Orsay est situ\u00e9 face au Canal du Midi, vous appr\u00e9cierez depuis votre chambre la vue sur le Canal et [&hellip;]\" \/>\n<meta property=\"og:url\" content=\"https:\/\/hotel-dorsay.com\/2020\/04\/09\/le-canal-du-midi-classe-au-patrimoine-mondial-de-lunesco\/\" \/>\n<meta property=\"og:site_name\" content=\"H\u00f4tel d&#039;Orsay\" \/>\n<meta property=\"article:published_time\" content=\"2025-05-21T14:40:49+00:00\" \/>\n<meta property=\"article:modified_time\" content=\"2025-05-22T08:52:47+00:00\" \/>\n<meta property=\"og:image\" content=\"https:\/\/hotel-dorsay.com\/wp-content\/uploads\/2020\/04\/channel-1981363_1920.jpg\" \/>\n\t<meta property=\"og:image:width\" content=\"1920\" \/>\n\t<meta property=\"og:image:height\" content=\"1440\" \/>\n\t<meta property=\"og:image:type\" content=\"image\/jpeg\" \/>\n<meta name=\"author\" content=\"yurcom\" \/>\n<meta name=\"twitter:card\" content=\"summary_large_image\" \/>\n<meta name=\"twitter:label1\" content=\"Escrito por\" \/>\n\t<meta name=\"twitter:data1\" content=\"yurcom\" \/>\n\t<meta name=\"twitter:label2\" content=\"Tiempo de lectura\" \/>\n\t<meta name=\"twitter:data2\" content=\"5 minutos\" \/>\n<script type=\"application\/ld+json\" class=\"yoast-schema-graph\">{\"@context\":\"https:\/\/schema.org\",\"@graph\":[{\"@type\":\"Article\",\"@id\":\"https:\/\/hotel-dorsay.com\/2020\/04\/09\/le-canal-du-midi-classe-au-patrimoine-mondial-de-lunesco\/#article\",\"isPartOf\":{\"@id\":\"https:\/\/hotel-dorsay.com\/2020\/04\/09\/le-canal-du-midi-classe-au-patrimoine-mondial-de-lunesco\/\"},\"author\":{\"name\":\"yurcom\",\"@id\":\"https:\/\/hotel-dorsay.com\/#\/schema\/person\/a0915527ef1eecfd4c418e232746de53\"},\"headline\":\"El Canal du Midi, Patrimonio Mundial de la UNESCO\",\"datePublished\":\"2025-05-21T14:40:49+00:00\",\"dateModified\":\"2025-05-22T08:52:47+00:00\",\"mainEntityOfPage\":{\"@id\":\"https:\/\/hotel-dorsay.com\/2020\/04\/09\/le-canal-du-midi-classe-au-patrimoine-mondial-de-lunesco\/\"},\"wordCount\":965,\"publisher\":{\"@id\":\"https:\/\/hotel-dorsay.com\/#organization\"},\"image\":{\"@id\":\"https:\/\/hotel-dorsay.com\/2020\/04\/09\/le-canal-du-midi-classe-au-patrimoine-mondial-de-lunesco\/#primaryimage\"},\"thumbnailUrl\":\"https:\/\/hotel-dorsay.com\/wp-content\/uploads\/2020\/04\/channel-1981363_1920.jpg\",\"articleSection\":[\"Explora Toulouse\"],\"inLanguage\":\"es\"},{\"@type\":\"WebPage\",\"@id\":\"https:\/\/hotel-dorsay.com\/2020\/04\/09\/le-canal-du-midi-classe-au-patrimoine-mondial-de-lunesco\/\",\"url\":\"https:\/\/hotel-dorsay.com\/2020\/04\/09\/le-canal-du-midi-classe-au-patrimoine-mondial-de-lunesco\/\",\"name\":\"El Canal du Midi, Patrimonio Mundial de la UNESCO - H\u00f4tel d&#039;Orsay\",\"isPartOf\":{\"@id\":\"https:\/\/hotel-dorsay.com\/#website\"},\"primaryImageOfPage\":{\"@id\":\"https:\/\/hotel-dorsay.com\/2020\/04\/09\/le-canal-du-midi-classe-au-patrimoine-mondial-de-lunesco\/#primaryimage\"},\"image\":{\"@id\":\"https:\/\/hotel-dorsay.com\/2020\/04\/09\/le-canal-du-midi-classe-au-patrimoine-mondial-de-lunesco\/#primaryimage\"},\"thumbnailUrl\":\"https:\/\/hotel-dorsay.com\/wp-content\/uploads\/2020\/04\/channel-1981363_1920.jpg\",\"datePublished\":\"2025-05-21T14:40:49+00:00\",\"dateModified\":\"2025-05-22T08:52:47+00:00\",\"breadcrumb\":{\"@id\":\"https:\/\/hotel-dorsay.com\/2020\/04\/09\/le-canal-du-midi-classe-au-patrimoine-mondial-de-lunesco\/#breadcrumb\"},\"inLanguage\":\"es\",\"potentialAction\":[{\"@type\":\"ReadAction\",\"target\":[\"https:\/\/hotel-dorsay.com\/2020\/04\/09\/le-canal-du-midi-classe-au-patrimoine-mondial-de-lunesco\/\"]}]},{\"@type\":\"ImageObject\",\"inLanguage\":\"es\",\"@id\":\"https:\/\/hotel-dorsay.com\/2020\/04\/09\/le-canal-du-midi-classe-au-patrimoine-mondial-de-lunesco\/#primaryimage\",\"url\":\"https:\/\/hotel-dorsay.com\/wp-content\/uploads\/2020\/04\/channel-1981363_1920.jpg\",\"contentUrl\":\"https:\/\/hotel-dorsay.com\/wp-content\/uploads\/2020\/04\/channel-1981363_1920.jpg\",\"width\":1920,\"height\":1440},{\"@type\":\"BreadcrumbList\",\"@id\":\"https:\/\/hotel-dorsay.com\/2020\/04\/09\/le-canal-du-midi-classe-au-patrimoine-mondial-de-lunesco\/#breadcrumb\",\"itemListElement\":[{\"@type\":\"ListItem\",\"position\":1,\"name\":\"Accueil\",\"item\":\"https:\/\/hotel-dorsay.com\/es\/\"},{\"@type\":\"ListItem\",\"position\":2,\"name\":\"El Canal du Midi, Patrimonio Mundial de la UNESCO\"}]},{\"@type\":\"WebSite\",\"@id\":\"https:\/\/hotel-dorsay.com\/#website\",\"url\":\"https:\/\/hotel-dorsay.com\/\",\"name\":\"H\u00f4tel d&#039;Orsay\",\"description\":\"H\u00f4tel Toulouse Matabiau\",\"publisher\":{\"@id\":\"https:\/\/hotel-dorsay.com\/#organization\"},\"potentialAction\":[{\"@type\":\"SearchAction\",\"target\":{\"@type\":\"EntryPoint\",\"urlTemplate\":\"https:\/\/hotel-dorsay.com\/?s={search_term_string}\"},\"query-input\":{\"@type\":\"PropertyValueSpecification\",\"valueRequired\":true,\"valueName\":\"search_term_string\"}}],\"inLanguage\":\"es\"},{\"@type\":\"Organization\",\"@id\":\"https:\/\/hotel-dorsay.com\/#organization\",\"name\":\"H\u00f4tel d&#039;Orsay\",\"url\":\"https:\/\/hotel-dorsay.com\/\",\"logo\":{\"@type\":\"ImageObject\",\"inLanguage\":\"es\",\"@id\":\"https:\/\/hotel-dorsay.com\/#\/schema\/logo\/image\/\",\"url\":\"https:\/\/hotel-dorsay.com\/wp-content\/uploads\/2025\/03\/cropped-Plan-de-travail-1.png\",\"contentUrl\":\"https:\/\/hotel-dorsay.com\/wp-content\/uploads\/2025\/03\/cropped-Plan-de-travail-1.png\",\"width\":732,\"height\":244,\"caption\":\"H\u00f4tel d&#039;Orsay\"},\"image\":{\"@id\":\"https:\/\/hotel-dorsay.com\/#\/schema\/logo\/image\/\"}},{\"@type\":\"Person\",\"@id\":\"https:\/\/hotel-dorsay.com\/#\/schema\/person\/a0915527ef1eecfd4c418e232746de53\",\"name\":\"yurcom\",\"image\":{\"@type\":\"ImageObject\",\"inLanguage\":\"es\",\"@id\":\"https:\/\/secure.gravatar.com\/avatar\/d87ef4a767937765aeef6e863baf8b342702e7578379f0b771077accda9142b8?s=96&d=mm&r=g\",\"url\":\"https:\/\/secure.gravatar.com\/avatar\/d87ef4a767937765aeef6e863baf8b342702e7578379f0b771077accda9142b8?s=96&d=mm&r=g\",\"contentUrl\":\"https:\/\/secure.gravatar.com\/avatar\/d87ef4a767937765aeef6e863baf8b342702e7578379f0b771077accda9142b8?s=96&d=mm&r=g\",\"caption\":\"yurcom\"},\"url\":\"https:\/\/hotel-dorsay.com\/es\/author\/yurcom\/\"}]}<\/script>\n<!-- \/ Yoast SEO plugin. -->","yoast_head_json":{"title":"El Canal du Midi, Patrimonio Mundial de la UNESCO - H\u00f4tel d&#039;Orsay","robots":{"index":"index","follow":"follow","max-snippet":"max-snippet:-1","max-image-preview":"max-image-preview:large","max-video-preview":"max-video-preview:-1"},"canonical":"https:\/\/hotel-dorsay.com\/2020\/04\/09\/le-canal-du-midi-classe-au-patrimoine-mondial-de-lunesco\/","og_locale":"es_ES","og_type":"article","og_title":"El Canal du Midi, Patrimonio Mundial de la UNESCO - H\u00f4tel d&#039;Orsay","og_description":"L\u2019h\u00f4tel d\u2019Orsay est situ\u00e9 face au Canal du Midi, vous appr\u00e9cierez depuis votre chambre la vue sur le Canal et [&hellip;]","og_url":"https:\/\/hotel-dorsay.com\/2020\/04\/09\/le-canal-du-midi-classe-au-patrimoine-mondial-de-lunesco\/","og_site_name":"H\u00f4tel d&#039;Orsay","article_published_time":"2025-05-21T14:40:49+00:00","article_modified_time":"2025-05-22T08:52:47+00:00","og_image":[{"width":1920,"height":1440,"url":"https:\/\/hotel-dorsay.com\/wp-content\/uploads\/2020\/04\/channel-1981363_1920.jpg","type":"image\/jpeg"}],"author":"yurcom","twitter_card":"summary_large_image","twitter_misc":{"Escrito por":"yurcom","Tiempo de lectura":"5 minutos"},"schema":{"@context":"https:\/\/schema.org","@graph":[{"@type":"Article","@id":"https:\/\/hotel-dorsay.com\/2020\/04\/09\/le-canal-du-midi-classe-au-patrimoine-mondial-de-lunesco\/#article","isPartOf":{"@id":"https:\/\/hotel-dorsay.com\/2020\/04\/09\/le-canal-du-midi-classe-au-patrimoine-mondial-de-lunesco\/"},"author":{"name":"yurcom","@id":"https:\/\/hotel-dorsay.com\/#\/schema\/person\/a0915527ef1eecfd4c418e232746de53"},"headline":"El Canal du Midi, Patrimonio Mundial de la UNESCO","datePublished":"2025-05-21T14:40:49+00:00","dateModified":"2025-05-22T08:52:47+00:00","mainEntityOfPage":{"@id":"https:\/\/hotel-dorsay.com\/2020\/04\/09\/le-canal-du-midi-classe-au-patrimoine-mondial-de-lunesco\/"},"wordCount":965,"publisher":{"@id":"https:\/\/hotel-dorsay.com\/#organization"},"image":{"@id":"https:\/\/hotel-dorsay.com\/2020\/04\/09\/le-canal-du-midi-classe-au-patrimoine-mondial-de-lunesco\/#primaryimage"},"thumbnailUrl":"https:\/\/hotel-dorsay.com\/wp-content\/uploads\/2020\/04\/channel-1981363_1920.jpg","articleSection":["Explora Toulouse"],"inLanguage":"es"},{"@type":"WebPage","@id":"https:\/\/hotel-dorsay.com\/2020\/04\/09\/le-canal-du-midi-classe-au-patrimoine-mondial-de-lunesco\/","url":"https:\/\/hotel-dorsay.com\/2020\/04\/09\/le-canal-du-midi-classe-au-patrimoine-mondial-de-lunesco\/","name":"El Canal du Midi, Patrimonio Mundial de la UNESCO - H\u00f4tel d&#039;Orsay","isPartOf":{"@id":"https:\/\/hotel-dorsay.com\/#website"},"primaryImageOfPage":{"@id":"https:\/\/hotel-dorsay.com\/2020\/04\/09\/le-canal-du-midi-classe-au-patrimoine-mondial-de-lunesco\/#primaryimage"},"image":{"@id":"https:\/\/hotel-dorsay.com\/2020\/04\/09\/le-canal-du-midi-classe-au-patrimoine-mondial-de-lunesco\/#primaryimage"},"thumbnailUrl":"https:\/\/hotel-dorsay.com\/wp-content\/uploads\/2020\/04\/channel-1981363_1920.jpg","datePublished":"2025-05-21T14:40:49+00:00","dateModified":"2025-05-22T08:52:47+00:00","breadcrumb":{"@id":"https:\/\/hotel-dorsay.com\/2020\/04\/09\/le-canal-du-midi-classe-au-patrimoine-mondial-de-lunesco\/#breadcrumb"},"inLanguage":"es","potentialAction":[{"@type":"ReadAction","target":["https:\/\/hotel-dorsay.com\/2020\/04\/09\/le-canal-du-midi-classe-au-patrimoine-mondial-de-lunesco\/"]}]},{"@type":"ImageObject","inLanguage":"es","@id":"https:\/\/hotel-dorsay.com\/2020\/04\/09\/le-canal-du-midi-classe-au-patrimoine-mondial-de-lunesco\/#primaryimage","url":"https:\/\/hotel-dorsay.com\/wp-content\/uploads\/2020\/04\/channel-1981363_1920.jpg","contentUrl":"https:\/\/hotel-dorsay.com\/wp-content\/uploads\/2020\/04\/channel-1981363_1920.jpg","width":1920,"height":1440},{"@type":"BreadcrumbList","@id":"https:\/\/hotel-dorsay.com\/2020\/04\/09\/le-canal-du-midi-classe-au-patrimoine-mondial-de-lunesco\/#breadcrumb","itemListElement":[{"@type":"ListItem","position":1,"name":"Accueil","item":"https:\/\/hotel-dorsay.com\/es\/"},{"@type":"ListItem","position":2,"name":"El Canal du Midi, Patrimonio Mundial de la UNESCO"}]},{"@type":"WebSite","@id":"https:\/\/hotel-dorsay.com\/#website","url":"https:\/\/hotel-dorsay.com\/","name":"H\u00f4tel d&#039;Orsay","description":"H\u00f4tel Toulouse Matabiau","publisher":{"@id":"https:\/\/hotel-dorsay.com\/#organization"},"potentialAction":[{"@type":"SearchAction","target":{"@type":"EntryPoint","urlTemplate":"https:\/\/hotel-dorsay.com\/?s={search_term_string}"},"query-input":{"@type":"PropertyValueSpecification","valueRequired":true,"valueName":"search_term_string"}}],"inLanguage":"es"},{"@type":"Organization","@id":"https:\/\/hotel-dorsay.com\/#organization","name":"H\u00f4tel d&#039;Orsay","url":"https:\/\/hotel-dorsay.com\/","logo":{"@type":"ImageObject","inLanguage":"es","@id":"https:\/\/hotel-dorsay.com\/#\/schema\/logo\/image\/","url":"https:\/\/hotel-dorsay.com\/wp-content\/uploads\/2025\/03\/cropped-Plan-de-travail-1.png","contentUrl":"https:\/\/hotel-dorsay.com\/wp-content\/uploads\/2025\/03\/cropped-Plan-de-travail-1.png","width":732,"height":244,"caption":"H\u00f4tel d&#039;Orsay"},"image":{"@id":"https:\/\/hotel-dorsay.com\/#\/schema\/logo\/image\/"}},{"@type":"Person","@id":"https:\/\/hotel-dorsay.com\/#\/schema\/person\/a0915527ef1eecfd4c418e232746de53","name":"yurcom","image":{"@type":"ImageObject","inLanguage":"es","@id":"https:\/\/secure.gravatar.com\/avatar\/d87ef4a767937765aeef6e863baf8b342702e7578379f0b771077accda9142b8?s=96&d=mm&r=g","url":"https:\/\/secure.gravatar.com\/avatar\/d87ef4a767937765aeef6e863baf8b342702e7578379f0b771077accda9142b8?s=96&d=mm&r=g","contentUrl":"https:\/\/secure.gravatar.com\/avatar\/d87ef4a767937765aeef6e863baf8b342702e7578379f0b771077accda9142b8?s=96&d=mm&r=g","caption":"yurcom"},"url":"https:\/\/hotel-dorsay.com\/es\/author\/yurcom\/"}]}},"_links":{"self":[{"href":"https:\/\/hotel-dorsay.com\/es\/wp-json\/wp\/v2\/posts\/6483","targetHints":{"allow":["GET"]}}],"collection":[{"href":"https:\/\/hotel-dorsay.com\/es\/wp-json\/wp\/v2\/posts"}],"about":[{"href":"https:\/\/hotel-dorsay.com\/es\/wp-json\/wp\/v2\/types\/post"}],"author":[{"embeddable":true,"href":"https:\/\/hotel-dorsay.com\/es\/wp-json\/wp\/v2\/users\/2"}],"replies":[{"embeddable":true,"href":"https:\/\/hotel-dorsay.com\/es\/wp-json\/wp\/v2\/comments?post=6483"}],"version-history":[{"count":1,"href":"https:\/\/hotel-dorsay.com\/es\/wp-json\/wp\/v2\/posts\/6483\/revisions"}],"predecessor-version":[{"id":6485,"href":"https:\/\/hotel-dorsay.com\/es\/wp-json\/wp\/v2\/posts\/6483\/revisions\/6485"}],"wp:featuredmedia":[{"embeddable":true,"href":"https:\/\/hotel-dorsay.com\/es\/wp-json\/wp\/v2\/media\/2527"}],"wp:attachment":[{"href":"https:\/\/hotel-dorsay.com\/es\/wp-json\/wp\/v2\/media?parent=6483"}],"wp:term":[{"taxonomy":"category","embeddable":true,"href":"https:\/\/hotel-dorsay.com\/es\/wp-json\/wp\/v2\/categories?post=6483"},{"taxonomy":"post_tag","embeddable":true,"href":"https:\/\/hotel-dorsay.com\/es\/wp-json\/wp\/v2\/tags?post=6483"}],"curies":[{"name":"wp","href":"https:\/\/api.w.org\/{rel}","templated":true}]}}